{"id":1292,"date":"2026-03-08T11:31:39","date_gmt":"2026-03-08T10:31:39","guid":{"rendered":"https:\/\/dezarnaudpaysagiste.fr\/?p=1292"},"modified":"2026-03-08T11:32:41","modified_gmt":"2026-03-08T10:32:41","slug":"pierre-naturelle-bois-amenagement-exterieur","status":"publish","type":"post","link":"https:\/\/dezarnaudpaysagiste.fr\/index.php\/2026\/03\/08\/pierre-naturelle-bois-amenagement-exterieur\/","title":{"rendered":"Pierre naturelle et bois : deux mat\u00e9riaux intemporels pour votre am\u00e9nagement ext\u00e9rieur"},"content":{"rendered":"\n<p>Quand on r\u00e9fl\u00e9chit \u00e0 un <strong>am\u00e9nagement ext\u00e9rieur<\/strong>, le choix des mat\u00e9riaux est souvent une \u00e9tape importante. Terrasse, cour, all\u00e9e ou espace d\u00e9tente\u2026 le rev\u00eatement va donner le ton \u00e0 l\u2019ensemble du jardin.<\/p>\n\n\n\n<p>Parmi les solutions les plus appr\u00e9ci\u00e9es, <strong>la pierre naturelle et le bois<\/strong> restent des valeurs s\u00fbres. Ces mat\u00e9riaux s\u00e9duisent par leur aspect authentique, leur durabilit\u00e9 et leur capacit\u00e9 \u00e0 s\u2019int\u00e9grer naturellement dans diff\u00e9rents styles d\u2019ext\u00e9rieur.<\/p>\n\n\n\n<h2 class=\"wp-block-heading\">La pierre naturelle : un mat\u00e9riau solide et \u00e9l\u00e9gant<\/h2>\n\n\n\n<p>La <strong>pierre naturelle<\/strong> est tr\u00e8s utilis\u00e9e dans les am\u00e9nagements ext\u00e9rieurs, et ce n\u2019est pas un hasard. Elle apporte imm\u00e9diatement du caract\u00e8re \u00e0 un espace tout en restant tr\u00e8s r\u00e9sistante dans le temps.<\/p>\n\n\n\n<p>Chaque pierre est unique, avec ses nuances et ses textures. C\u2019est ce qui permet de cr\u00e9er un ext\u00e9rieur \u00e0 la fois \u00e9l\u00e9gant et authentique. Elle s\u2019adapte aussi bien aux projets modernes qu\u2019aux am\u00e9nagements plus traditionnels.<\/p>\n\n\n\n<p>En plus de son aspect esth\u00e9tique, la pierre naturelle pr\u00e9sente un autre avantage : elle supporte tr\u00e8s bien les intemp\u00e9ries et demande peu d\u2019entretien au quotidien.<\/p>\n\n\n\n<h2 class=\"wp-block-heading\">Le bois : chaleur et convivialit\u00e9<\/h2>\n\n\n\n<p>Le <strong>bois<\/strong> est souvent choisi pour les terrasses ou les espaces de d\u00e9tente. Il apporte une sensation de chaleur et rend l\u2019ext\u00e9rieur plus accueillant.<\/p>\n\n\n\n<p>Son aspect naturel s\u2019int\u00e8gre parfaitement dans un jardin et permet de cr\u00e9er un espace convivial o\u00f9 l\u2019on aime passer du temps. Avec les bonnes essences et un entretien adapt\u00e9, le bois peut \u00e9galement offrir une bonne r\u00e9sistance dans le temps.<\/p>\n\n\n\n<p>Avec les ann\u00e9es, il prend m\u00eame une patine naturelle qui renforce son charme.<\/p>\n\n\n\n<h2 class=\"wp-block-heading\">Une association qui fonctionne tr\u00e8s bien<\/h2>\n\n\n\n<p>Associer <strong>pierre naturelle et bois<\/strong> est une solution de plus en plus utilis\u00e9e dans les projets d\u2019am\u00e9nagement ext\u00e9rieur.<\/p>\n\n\n\n<p>La pierre apporte la solidit\u00e9 et la structure, tandis que le bois adoucit l\u2019ensemble et cr\u00e9e une ambiance plus chaleureuse. Cette combinaison permet de structurer les espaces et de cr\u00e9er un ext\u00e9rieur harmonieux.<\/p>\n\n\n\n<p>Par exemple, une terrasse en bois peut parfaitement se marier avec une all\u00e9e ou une cour en pierre naturelle.<\/p>\n\n\n\n<h2 class=\"wp-block-heading\">Des mat\u00e9riaux qui traversent le temps<\/h2>\n\n\n\n<p>Choisir des mat\u00e9riaux naturels pour son <strong>am\u00e9nagement ext\u00e9rieur<\/strong>, c\u2019est aussi faire un choix durable. La pierre et le bois sont des mat\u00e9riaux qui ne se d\u00e9modent pas et qui s\u2019int\u00e8grent facilement dans leur environnement.<\/p>\n\n\n\n<p>Bien utilis\u00e9s, ils permettent de cr\u00e9er des ext\u00e9rieurs \u00e0 la fois esth\u00e9tiques, solides et agr\u00e9ables \u00e0 vivre au quotidien.<\/p>\n\n\n\n<h2 class=\"wp-block-heading\">Conclusion<\/h2>\n\n\n\n<p>La <strong>pierre naturelle<\/strong> et le <strong>bois<\/strong> restent deux r\u00e9f\u00e9rences incontournables pour am\u00e9nager un ext\u00e9rieur. Leur association permet de cr\u00e9er des espaces \u00e9quilibr\u00e9s, chaleureux et durables.<\/p>\n\n\n\n<p>Avec des mat\u00e9riaux bien choisis et une mise en \u0153uvre adapt\u00e9e, il est possible de transformer une cour, une terrasse ou un jardin en un v\u00e9ritable espace de vie.<\/p>\n\n\n\n<p><\/p>\n","protected":false},"excerpt":{"rendered":"<p>Quand on r\u00e9fl\u00e9chit \u00e0 un am\u00e9nagement ext\u00e9rieur, le choix des mat\u00e9riaux est souvent une \u00e9tape importante. Terrasse,&#8230;<\/p>\n","protected":false},"author":1,"featured_media":1293,"comment_status":"open","ping_status":"open","sticky":false,"template":"","format":"standard","meta":{"_kad_post_transparent":"","_kad_post_title":"","_kad_post_layout":"","_kad_post_sidebar_id":"","_kad_post_content_style":"","_kad_post_vertical_padding":"","_kad_post_feature":"","_kad_post_feature_position":"","_kad_post_header":false,"_kad_post_footer":false,"footnotes":""},"categories":[18],"tags":[],"class_list":["post-1292","post","type-post","status-publish","format-standard","has-post-thumbnail","hentry","category-conseil"],"yoast_head":"<!-- This site is optimized with the Yoast SEO plugin v21.5 - https:\/\/yoast.com\/wordpress\/plugins\/seo\/ -->\n<title>Pierre naturelle et bois deux mat\u00e9riaux intemporels<\/title>\n<meta name=\"description\" content=\"Pierre naturelle ou bois : d\u00e9couvrez pourquoi ces mat\u00e9riaux restent des choix incontournables pour cr\u00e9er un am\u00e9nagement ext\u00e9rieur durable et esth\u00e9tique.\" \/>\n<meta name=\"robots\" content=\"index, follow, max-snippet:-1, max-image-preview:large, max-video-preview:-1\" \/>\n<link rel=\"canonical\" href=\"https:\/\/dezarnaudpaysagiste.fr\/index.php\/2026\/03\/08\/pierre-naturelle-bois-amenagement-exterieur\/\" \/>\n<meta property=\"og:locale\" content=\"fr_FR\" \/>\n<meta property=\"og:type\" content=\"article\" \/>\n<meta property=\"og:title\" content=\"Pierre naturelle et bois deux mat\u00e9riaux intemporels\" \/>\n<meta property=\"og:description\" content=\"Pierre naturelle ou bois : d\u00e9couvrez pourquoi ces mat\u00e9riaux restent des choix incontournables pour cr\u00e9er un am\u00e9nagement ext\u00e9rieur durable et esth\u00e9tique.\" \/>\n<meta property=\"og:url\" content=\"https:\/\/dezarnaudpaysagiste.fr\/index.php\/2026\/03\/08\/pierre-naturelle-bois-amenagement-exterieur\/\" \/>\n<meta property=\"og:site_name\" content=\"Dezarnaud Paysagiste\" \/>\n<meta property=\"article:published_time\" content=\"2026-03-08T10:31:39+00:00\" \/>\n<meta property=\"article:modified_time\" content=\"2026-03-08T10:32:41+00:00\" \/>\n<meta property=\"og:image\" content=\"https:\/\/dezarnaudpaysagiste.fr\/wp-content\/uploads\/2026\/03\/59648.jpg\" \/>\n\t<meta property=\"og:image:width\" content=\"2000\" \/>\n\t<meta property=\"og:image:height\" content=\"1333\" \/>\n\t<meta property=\"og:image:type\" content=\"image\/jpeg\" \/>\n<meta name=\"author\" content=\"Ga\u00ebtan\" \/>\n<meta name=\"twitter:card\" content=\"summary_large_image\" \/>\n<meta name=\"twitter:label1\" content=\"\u00c9crit par\" \/>\n\t<meta name=\"twitter:data1\" content=\"Ga\u00ebtan\" \/>\n\t<meta name=\"twitter:label2\" content=\"Dur\u00e9e de lecture estim\u00e9e\" \/>\n\t<meta name=\"twitter:data2\" content=\"3 minutes\" \/>\n<script type=\"application\/ld+json\" class=\"yoast-schema-graph\">{\"@context\":\"https:\/\/schema.org\",\"@graph\":[{\"@type\":\"WebPage\",\"@id\":\"https:\/\/dezarnaudpaysagiste.fr\/index.php\/2026\/03\/08\/pierre-naturelle-bois-amenagement-exterieur\/\",\"url\":\"https:\/\/dezarnaudpaysagiste.fr\/index.php\/2026\/03\/08\/pierre-naturelle-bois-amenagement-exterieur\/\",\"name\":\"Pierre naturelle et bois deux mat\u00e9riaux intemporels\",\"isPartOf\":{\"@id\":\"https:\/\/dezarnaudpaysagiste.fr\/#website\"},\"datePublished\":\"2026-03-08T10:31:39+00:00\",\"dateModified\":\"2026-03-08T10:32:41+00:00\",\"author\":{\"@id\":\"https:\/\/dezarnaudpaysagiste.fr\/#\/schema\/person\/a7fb9bcf7e921aa519276b8f40f240e0\"},\"description\":\"Pierre naturelle ou bois : d\u00e9couvrez pourquoi ces mat\u00e9riaux restent des choix incontournables pour cr\u00e9er un am\u00e9nagement ext\u00e9rieur durable et esth\u00e9tique.\",\"breadcrumb\":{\"@id\":\"https:\/\/dezarnaudpaysagiste.fr\/index.php\/2026\/03\/08\/pierre-naturelle-bois-amenagement-exterieur\/#breadcrumb\"},\"inLanguage\":\"fr-FR\",\"potentialAction\":[{\"@type\":\"ReadAction\",\"target\":[\"https:\/\/dezarnaudpaysagiste.fr\/index.php\/2026\/03\/08\/pierre-naturelle-bois-amenagement-exterieur\/\"]}]},{\"@type\":\"BreadcrumbList\",\"@id\":\"https:\/\/dezarnaudpaysagiste.fr\/index.php\/2026\/03\/08\/pierre-naturelle-bois-amenagement-exterieur\/#breadcrumb\",\"itemListElement\":[{\"@type\":\"ListItem\",\"position\":1,\"name\":\"Accueil\",\"item\":\"https:\/\/dezarnaudpaysagiste.fr\/\"},{\"@type\":\"ListItem\",\"position\":2,\"name\":\"Pierre naturelle et bois : deux mat\u00e9riaux intemporels pour votre am\u00e9nagement ext\u00e9rieur\"}]},{\"@type\":\"WebSite\",\"@id\":\"https:\/\/dezarnaudpaysagiste.fr\/#website\",\"url\":\"https:\/\/dezarnaudpaysagiste.fr\/\",\"name\":\"DezarnaudPaysagiste\",\"description\":\"vos exterieurs , notre passion\",\"potentialAction\":[{\"@type\":\"SearchAction\",\"target\":{\"@type\":\"EntryPoint\",\"urlTemplate\":\"https:\/\/dezarnaudpaysagiste.fr\/?s={search_term_string}\"},\"query-input\":\"required name=search_term_string\"}],\"inLanguage\":\"fr-FR\"},{\"@type\":\"Person\",\"@id\":\"https:\/\/dezarnaudpaysagiste.fr\/#\/schema\/person\/a7fb9bcf7e921aa519276b8f40f240e0\",\"name\":\"Ga\u00ebtan\",\"image\":{\"@type\":\"ImageObject\",\"inLanguage\":\"fr-FR\",\"@id\":\"https:\/\/dezarnaudpaysagiste.fr\/#\/schema\/person\/image\/\",\"url\":\"https:\/\/secure.gravatar.com\/avatar\/a2395d07bb4255d018f8698476c89c9757f072e977625d540284978a26715d78?s=96&d=mm&r=g\",\"contentUrl\":\"https:\/\/secure.gravatar.com\/avatar\/a2395d07bb4255d018f8698476c89c9757f072e977625d540284978a26715d78?s=96&d=mm&r=g\",\"caption\":\"Ga\u00ebtan\"},\"sameAs\":[\"http:\/\/dezarnaudpaysagiste.fr\"],\"url\":\"https:\/\/dezarnaudpaysagiste.fr\/index.php\/author\/admin9003\/\"}]}<\/script>\n<!-- \/ Yoast SEO plugin. -->","yoast_head_json":{"title":"Pierre naturelle et bois deux mat\u00e9riaux intemporels","description":"Pierre naturelle ou bois : d\u00e9couvrez pourquoi ces mat\u00e9riaux restent des choix incontournables pour cr\u00e9er un am\u00e9nagement ext\u00e9rieur durable et esth\u00e9tique.","robots":{"index":"index","follow":"follow","max-snippet":"max-snippet:-1","max-image-preview":"max-image-preview:large","max-video-preview":"max-video-preview:-1"},"canonical":"https:\/\/dezarnaudpaysagiste.fr\/index.php\/2026\/03\/08\/pierre-naturelle-bois-amenagement-exterieur\/","og_locale":"fr_FR","og_type":"article","og_title":"Pierre naturelle et bois deux mat\u00e9riaux intemporels","og_description":"Pierre naturelle ou bois : d\u00e9couvrez pourquoi ces mat\u00e9riaux restent des choix incontournables pour cr\u00e9er un am\u00e9nagement ext\u00e9rieur durable et esth\u00e9tique.","og_url":"https:\/\/dezarnaudpaysagiste.fr\/index.php\/2026\/03\/08\/pierre-naturelle-bois-amenagement-exterieur\/","og_site_name":"Dezarnaud Paysagiste","article_published_time":"2026-03-08T10:31:39+00:00","article_modified_time":"2026-03-08T10:32:41+00:00","og_image":[{"width":2000,"height":1333,"url":"https:\/\/dezarnaudpaysagiste.fr\/wp-content\/uploads\/2026\/03\/59648.jpg","type":"image\/jpeg"}],"author":"Ga\u00ebtan","twitter_card":"summary_large_image","twitter_misc":{"\u00c9crit par":"Ga\u00ebtan","Dur\u00e9e de lecture estim\u00e9e":"3 minutes"},"schema":{"@context":"https:\/\/schema.org","@graph":[{"@type":"WebPage","@id":"https:\/\/dezarnaudpaysagiste.fr\/index.php\/2026\/03\/08\/pierre-naturelle-bois-amenagement-exterieur\/","url":"https:\/\/dezarnaudpaysagiste.fr\/index.php\/2026\/03\/08\/pierre-naturelle-bois-amenagement-exterieur\/","name":"Pierre naturelle et bois deux mat\u00e9riaux intemporels","isPartOf":{"@id":"https:\/\/dezarnaudpaysagiste.fr\/#website"},"datePublished":"2026-03-08T10:31:39+00:00","dateModified":"2026-03-08T10:32:41+00:00","author":{"@id":"https:\/\/dezarnaudpaysagiste.fr\/#\/schema\/person\/a7fb9bcf7e921aa519276b8f40f240e0"},"description":"Pierre naturelle ou bois : d\u00e9couvrez pourquoi ces mat\u00e9riaux restent des choix incontournables pour cr\u00e9er un am\u00e9nagement ext\u00e9rieur durable et esth\u00e9tique.","breadcrumb":{"@id":"https:\/\/dezarnaudpaysagiste.fr\/index.php\/2026\/03\/08\/pierre-naturelle-bois-amenagement-exterieur\/#breadcrumb"},"inLanguage":"fr-FR","potentialAction":[{"@type":"ReadAction","target":["https:\/\/dezarnaudpaysagiste.fr\/index.php\/2026\/03\/08\/pierre-naturelle-bois-amenagement-exterieur\/"]}]},{"@type":"BreadcrumbList","@id":"https:\/\/dezarnaudpaysagiste.fr\/index.php\/2026\/03\/08\/pierre-naturelle-bois-amenagement-exterieur\/#breadcrumb","itemListElement":[{"@type":"ListItem","position":1,"name":"Accueil","item":"https:\/\/dezarnaudpaysagiste.fr\/"},{"@type":"ListItem","position":2,"name":"Pierre naturelle et bois : deux mat\u00e9riaux intemporels pour votre am\u00e9nagement ext\u00e9rieur"}]},{"@type":"WebSite","@id":"https:\/\/dezarnaudpaysagiste.fr\/#website","url":"https:\/\/dezarnaudpaysagiste.fr\/","name":"DezarnaudPaysagiste","description":"vos exterieurs , notre passion","potentialAction":[{"@type":"SearchAction","target":{"@type":"EntryPoint","urlTemplate":"https:\/\/dezarnaudpaysagiste.fr\/?s={search_term_string}"},"query-input":"required name=search_term_string"}],"inLanguage":"fr-FR"},{"@type":"Person","@id":"https:\/\/dezarnaudpaysagiste.fr\/#\/schema\/person\/a7fb9bcf7e921aa519276b8f40f240e0","name":"Ga\u00ebtan","image":{"@type":"ImageObject","inLanguage":"fr-FR","@id":"https:\/\/dezarnaudpaysagiste.fr\/#\/schema\/person\/image\/","url":"https:\/\/secure.gravatar.com\/avatar\/a2395d07bb4255d018f8698476c89c9757f072e977625d540284978a26715d78?s=96&d=mm&r=g","contentUrl":"https:\/\/secure.gravatar.com\/avatar\/a2395d07bb4255d018f8698476c89c9757f072e977625d540284978a26715d78?s=96&d=mm&r=g","caption":"Ga\u00ebtan"},"sameAs":["http:\/\/dezarnaudpaysagiste.fr"],"url":"https:\/\/dezarnaudpaysagiste.fr\/index.php\/author\/admin9003\/"}]}},"_links":{"self":[{"href":"https:\/\/dezarnaudpaysagiste.fr\/index.php\/wp-json\/wp\/v2\/posts\/1292","targetHints":{"allow":["GET"]}}],"collection":[{"href":"https:\/\/dezarnaudpaysagiste.fr\/index.php\/wp-json\/wp\/v2\/posts"}],"about":[{"href":"https:\/\/dezarnaudpaysagiste.fr\/index.php\/wp-json\/wp\/v2\/types\/post"}],"author":[{"embeddable":true,"href":"https:\/\/dezarnaudpaysagiste.fr\/index.php\/wp-json\/wp\/v2\/users\/1"}],"replies":[{"embeddable":true,"href":"https:\/\/dezarnaudpaysagiste.fr\/index.php\/wp-json\/wp\/v2\/comments?post=1292"}],"version-history":[{"count":1,"href":"https:\/\/dezarnaudpaysagiste.fr\/index.php\/wp-json\/wp\/v2\/posts\/1292\/revisions"}],"predecessor-version":[{"id":1294,"href":"https:\/\/dezarnaudpaysagiste.fr\/index.php\/wp-json\/wp\/v2\/posts\/1292\/revisions\/1294"}],"wp:featuredmedia":[{"embeddable":true,"href":"https:\/\/dezarnaudpaysagiste.fr\/index.php\/wp-json\/wp\/v2\/media\/1293"}],"wp:attachment":[{"href":"https:\/\/dezarnaudpaysagiste.fr\/index.php\/wp-json\/wp\/v2\/media?parent=1292"}],"wp:term":[{"taxonomy":"category","embeddable":true,"href":"https:\/\/dezarnaudpaysagiste.fr\/index.php\/wp-json\/wp\/v2\/categories?post=1292"},{"taxonomy":"post_tag","embeddable":true,"href":"https:\/\/dezarnaudpaysagiste.fr\/index.php\/wp-json\/wp\/v2\/tags?post=1292"}],"curies":[{"name":"wp","href":"https:\/\/api.w.org\/{rel}","templated":true}]}}