{"id":1288,"date":"2026-02-26T16:12:20","date_gmt":"2026-02-26T15:12:20","guid":{"rendered":"https:\/\/dezarnaudpaysagiste.fr\/?p=1288"},"modified":"2026-03-08T11:40:17","modified_gmt":"2026-03-08T10:40:17","slug":"preparer-amenagement-exterieur-fevrier","status":"publish","type":"post","link":"https:\/\/dezarnaudpaysagiste.fr\/index.php\/2026\/02\/26\/preparer-amenagement-exterieur-fevrier\/","title":{"rendered":"Fin f\u00e9vrier : le moment id\u00e9al pour pr\u00e9parer son am\u00e9nagement ext\u00e9rieur"},"content":{"rendered":"\n<p>On associe souvent les projets d\u2019ext\u00e9rieur au printemps. Pourtant, la <strong>fin f\u00e9vrier<\/strong> est en r\u00e9alit\u00e9 l\u2019un des meilleurs moments pour r\u00e9fl\u00e9chir \u00e0 son <strong>am\u00e9nagement ext\u00e9rieur<\/strong>.<\/p>\n\n\n\n<p>Apr\u00e8s plusieurs semaines de pluie, de gel et d\u2019humidit\u00e9, l\u2019\u00e9tat r\u00e9el de votre cour ou de votre terrasse appara\u00eet clairement. Pav\u00e9s qui bougent, zones o\u00f9 l\u2019eau stagne, rev\u00eatement fatigu\u00e9\u2026 L\u2019hiver agit comme un r\u00e9v\u00e9lateur.<\/p>\n\n\n\n<h2 class=\"wp-block-heading\">L\u2019hiver montre ce qu\u2019il faut am\u00e9liorer<\/h2>\n\n\n\n<p>Ce qui passait inaper\u00e7u en \u00e9t\u00e9 devient \u00e9vident en f\u00e9vrier. Une <strong>cour ext\u00e9rieure<\/strong> peut perdre en stabilit\u00e9, en confort ou en esth\u00e9tique avec le temps. Les variations de temp\u00e9rature fragilisent les sols, et l\u2019humidit\u00e9 accentue les d\u00e9fauts existants.<\/p>\n\n\n\n<p>C\u2019est donc le moment id\u00e9al pour envisager une <strong>r\u00e9novation de cour ext\u00e9rieure<\/strong> ou une remise \u00e0 niveau de votre am\u00e9nagement.<\/p>\n\n\n\n<h2 class=\"wp-block-heading\">Anticiper pour profiter des beaux jours<\/h2>\n\n\n\n<p>Beaucoup attendent mars ou avril pour lancer leur projet. R\u00e9sultat : les plannings se remplissent rapidement et les d\u00e9lais s\u2019allongent.<\/p>\n\n\n\n<p>En pr\u00e9parant votre projet d\u00e8s maintenant, vous b\u00e9n\u00e9ficiez :<\/p>\n\n\n\n<ul class=\"wp-block-list\">\n<li>d\u2019une meilleure disponibilit\u00e9<\/li>\n\n\n\n<li>d\u2019un temps de r\u00e9flexion plus serein<\/li>\n\n\n\n<li>d\u2019un chantier programm\u00e9 avant l\u2019\u00e9t\u00e9<\/li>\n\n\n\n<li>d\u2019un ext\u00e9rieur pr\u00eat d\u00e8s les premi\u00e8res belles journ\u00e9es<\/li>\n<\/ul>\n\n\n\n<p>Anticiper, c\u2019est simplement \u00e9viter de subir.<\/p>\n\n\n\n<h2 class=\"wp-block-heading\">Repenser son ext\u00e9rieur avant le printemps<\/h2>\n\n\n\n<p>La fin f\u00e9vrier est aussi le bon moment pour :<\/p>\n\n\n\n<ul class=\"wp-block-list\">\n<li>Nettoyer et structurer les massifs<\/li>\n\n\n\n<li>V\u00e9rifier le drainage du terrain<\/li>\n\n\n\n<li>Revoir les circulations<\/li>\n\n\n\n<li>Moderniser une terrasse ou un acc\u00e8s<\/li>\n\n\n\n<li>Imaginer un espace plus fonctionnel<\/li>\n<\/ul>\n\n\n\n<p>Un <strong>am\u00e9nagement ext\u00e9rieur bien pens\u00e9<\/strong> devient un v\u00e9ritable prolongement de la maison. Plus confortable, plus moderne, plus adapt\u00e9 \u00e0 votre quotidien.<\/p>\n\n\n\n<h2 class=\"wp-block-heading\">Une p\u00e9riode cl\u00e9 pour lancer son projet<\/h2>\n\n\n\n<p>M\u00eame si le printemps n\u2019est pas encore l\u00e0, c\u2019est maintenant que tout se pr\u00e9pare. Les journ\u00e9es s\u2019allongent, la lumi\u00e8re change, et l\u2019envie d\u2019un ext\u00e9rieur agr\u00e9able revient naturellement.<\/p>\n\n\n\n<p>Pr\u00e9parer son projet en f\u00e9vrier, c\u2019est s\u2019assurer de profiter pleinement de son jardin ou de sa cour d\u00e8s l\u2019arriv\u00e9e des beaux jours.<\/p>\n\n\n\n<p><\/p>\n","protected":false},"excerpt":{"rendered":"<p>On associe souvent les projets d\u2019ext\u00e9rieur au printemps. Pourtant, la fin f\u00e9vrier est en r\u00e9alit\u00e9 l\u2019un des&#8230;<\/p>\n","protected":false},"author":1,"featured_media":1289,"comment_status":"open","ping_status":"open","sticky":false,"template":"","format":"standard","meta":{"_kad_post_transparent":"","_kad_post_title":"","_kad_post_layout":"","_kad_post_sidebar_id":"","_kad_post_content_style":"","_kad_post_vertical_padding":"","_kad_post_feature":"","_kad_post_feature_position":"","_kad_post_header":false,"_kad_post_footer":false,"footnotes":""},"categories":[18],"tags":[],"class_list":["post-1288","post","type-post","status-publish","format-standard","has-post-thumbnail","hentry","category-conseil"],"yoast_head":"<!-- This site is optimized with the Yoast SEO plugin v21.5 - https:\/\/yoast.com\/wordpress\/plugins\/seo\/ -->\n<title>Pourquoi pr\u00e9parer son am\u00e9nagement ext\u00e9rieur d\u00e8s la fin f\u00e9vrier<\/title>\n<meta name=\"description\" content=\"La fin f\u00e9vrier est le moment id\u00e9al pour anticiper votre am\u00e9nagement ext\u00e9rieur et planifier vos travaux avant le printemps. Pr\u00e9parez votre jardin d\u00e8s maintenant.\" \/>\n<meta name=\"robots\" content=\"index, follow, max-snippet:-1, max-image-preview:large, max-video-preview:-1\" \/>\n<link rel=\"canonical\" href=\"https:\/\/dezarnaudpaysagiste.fr\/index.php\/2026\/02\/26\/preparer-amenagement-exterieur-fevrier\/\" \/>\n<meta property=\"og:locale\" content=\"fr_FR\" \/>\n<meta property=\"og:type\" content=\"article\" \/>\n<meta property=\"og:title\" content=\"Pourquoi pr\u00e9parer son am\u00e9nagement ext\u00e9rieur d\u00e8s la fin f\u00e9vrier\" \/>\n<meta property=\"og:description\" content=\"La fin f\u00e9vrier est le moment id\u00e9al pour anticiper votre am\u00e9nagement ext\u00e9rieur et planifier vos travaux avant le printemps. Pr\u00e9parez votre jardin d\u00e8s maintenant.\" \/>\n<meta property=\"og:url\" content=\"https:\/\/dezarnaudpaysagiste.fr\/index.php\/2026\/02\/26\/preparer-amenagement-exterieur-fevrier\/\" \/>\n<meta property=\"og:site_name\" content=\"Dezarnaud Paysagiste\" \/>\n<meta property=\"article:published_time\" content=\"2026-02-26T15:12:20+00:00\" \/>\n<meta property=\"article:modified_time\" content=\"2026-03-08T10:40:17+00:00\" \/>\n<meta property=\"og:image\" content=\"https:\/\/dezarnaudpaysagiste.fr\/wp-content\/uploads\/2026\/02\/2148858213-1024x682.jpg\" \/>\n\t<meta property=\"og:image:width\" content=\"1024\" \/>\n\t<meta property=\"og:image:height\" content=\"682\" \/>\n\t<meta property=\"og:image:type\" content=\"image\/jpeg\" \/>\n<meta name=\"author\" content=\"Ga\u00ebtan\" \/>\n<meta name=\"twitter:card\" content=\"summary_large_image\" \/>\n<meta name=\"twitter:label1\" content=\"\u00c9crit par\" \/>\n\t<meta name=\"twitter:data1\" content=\"Ga\u00ebtan\" \/>\n\t<meta name=\"twitter:label2\" content=\"Dur\u00e9e de lecture estim\u00e9e\" \/>\n\t<meta name=\"twitter:data2\" content=\"2 minutes\" \/>\n<script type=\"application\/ld+json\" class=\"yoast-schema-graph\">{\"@context\":\"https:\/\/schema.org\",\"@graph\":[{\"@type\":\"WebPage\",\"@id\":\"https:\/\/dezarnaudpaysagiste.fr\/index.php\/2026\/02\/26\/preparer-amenagement-exterieur-fevrier\/\",\"url\":\"https:\/\/dezarnaudpaysagiste.fr\/index.php\/2026\/02\/26\/preparer-amenagement-exterieur-fevrier\/\",\"name\":\"Pourquoi pr\u00e9parer son am\u00e9nagement ext\u00e9rieur d\u00e8s la fin f\u00e9vrier\",\"isPartOf\":{\"@id\":\"https:\/\/dezarnaudpaysagiste.fr\/#website\"},\"datePublished\":\"2026-02-26T15:12:20+00:00\",\"dateModified\":\"2026-03-08T10:40:17+00:00\",\"author\":{\"@id\":\"https:\/\/dezarnaudpaysagiste.fr\/#\/schema\/person\/a7fb9bcf7e921aa519276b8f40f240e0\"},\"description\":\"La fin f\u00e9vrier est le moment id\u00e9al pour anticiper votre am\u00e9nagement ext\u00e9rieur et planifier vos travaux avant le printemps. Pr\u00e9parez votre jardin d\u00e8s maintenant.\",\"breadcrumb\":{\"@id\":\"https:\/\/dezarnaudpaysagiste.fr\/index.php\/2026\/02\/26\/preparer-amenagement-exterieur-fevrier\/#breadcrumb\"},\"inLanguage\":\"fr-FR\",\"potentialAction\":[{\"@type\":\"ReadAction\",\"target\":[\"https:\/\/dezarnaudpaysagiste.fr\/index.php\/2026\/02\/26\/preparer-amenagement-exterieur-fevrier\/\"]}]},{\"@type\":\"BreadcrumbList\",\"@id\":\"https:\/\/dezarnaudpaysagiste.fr\/index.php\/2026\/02\/26\/preparer-amenagement-exterieur-fevrier\/#breadcrumb\",\"itemListElement\":[{\"@type\":\"ListItem\",\"position\":1,\"name\":\"Accueil\",\"item\":\"https:\/\/dezarnaudpaysagiste.fr\/\"},{\"@type\":\"ListItem\",\"position\":2,\"name\":\"Fin f\u00e9vrier : le moment id\u00e9al pour pr\u00e9parer son am\u00e9nagement ext\u00e9rieur\"}]},{\"@type\":\"WebSite\",\"@id\":\"https:\/\/dezarnaudpaysagiste.fr\/#website\",\"url\":\"https:\/\/dezarnaudpaysagiste.fr\/\",\"name\":\"DezarnaudPaysagiste\",\"description\":\"vos exterieurs , notre passion\",\"potentialAction\":[{\"@type\":\"SearchAction\",\"target\":{\"@type\":\"EntryPoint\",\"urlTemplate\":\"https:\/\/dezarnaudpaysagiste.fr\/?s={search_term_string}\"},\"query-input\":\"required name=search_term_string\"}],\"inLanguage\":\"fr-FR\"},{\"@type\":\"Person\",\"@id\":\"https:\/\/dezarnaudpaysagiste.fr\/#\/schema\/person\/a7fb9bcf7e921aa519276b8f40f240e0\",\"name\":\"Ga\u00ebtan\",\"image\":{\"@type\":\"ImageObject\",\"inLanguage\":\"fr-FR\",\"@id\":\"https:\/\/dezarnaudpaysagiste.fr\/#\/schema\/person\/image\/\",\"url\":\"https:\/\/secure.gravatar.com\/avatar\/a2395d07bb4255d018f8698476c89c9757f072e977625d540284978a26715d78?s=96&d=mm&r=g\",\"contentUrl\":\"https:\/\/secure.gravatar.com\/avatar\/a2395d07bb4255d018f8698476c89c9757f072e977625d540284978a26715d78?s=96&d=mm&r=g\",\"caption\":\"Ga\u00ebtan\"},\"sameAs\":[\"http:\/\/dezarnaudpaysagiste.fr\"],\"url\":\"https:\/\/dezarnaudpaysagiste.fr\/index.php\/author\/admin9003\/\"}]}<\/script>\n<!-- \/ Yoast SEO plugin. -->","yoast_head_json":{"title":"Pourquoi pr\u00e9parer son am\u00e9nagement ext\u00e9rieur d\u00e8s la fin f\u00e9vrier","description":"La fin f\u00e9vrier est le moment id\u00e9al pour anticiper votre am\u00e9nagement ext\u00e9rieur et planifier vos travaux avant le printemps. Pr\u00e9parez votre jardin d\u00e8s maintenant.","robots":{"index":"index","follow":"follow","max-snippet":"max-snippet:-1","max-image-preview":"max-image-preview:large","max-video-preview":"max-video-preview:-1"},"canonical":"https:\/\/dezarnaudpaysagiste.fr\/index.php\/2026\/02\/26\/preparer-amenagement-exterieur-fevrier\/","og_locale":"fr_FR","og_type":"article","og_title":"Pourquoi pr\u00e9parer son am\u00e9nagement ext\u00e9rieur d\u00e8s la fin f\u00e9vrier","og_description":"La fin f\u00e9vrier est le moment id\u00e9al pour anticiper votre am\u00e9nagement ext\u00e9rieur et planifier vos travaux avant le printemps. Pr\u00e9parez votre jardin d\u00e8s maintenant.","og_url":"https:\/\/dezarnaudpaysagiste.fr\/index.php\/2026\/02\/26\/preparer-amenagement-exterieur-fevrier\/","og_site_name":"Dezarnaud Paysagiste","article_published_time":"2026-02-26T15:12:20+00:00","article_modified_time":"2026-03-08T10:40:17+00:00","og_image":[{"width":1024,"height":682,"url":"https:\/\/dezarnaudpaysagiste.fr\/wp-content\/uploads\/2026\/02\/2148858213-1024x682.jpg","type":"image\/jpeg"}],"author":"Ga\u00ebtan","twitter_card":"summary_large_image","twitter_misc":{"\u00c9crit par":"Ga\u00ebtan","Dur\u00e9e de lecture estim\u00e9e":"2 minutes"},"schema":{"@context":"https:\/\/schema.org","@graph":[{"@type":"WebPage","@id":"https:\/\/dezarnaudpaysagiste.fr\/index.php\/2026\/02\/26\/preparer-amenagement-exterieur-fevrier\/","url":"https:\/\/dezarnaudpaysagiste.fr\/index.php\/2026\/02\/26\/preparer-amenagement-exterieur-fevrier\/","name":"Pourquoi pr\u00e9parer son am\u00e9nagement ext\u00e9rieur d\u00e8s la fin f\u00e9vrier","isPartOf":{"@id":"https:\/\/dezarnaudpaysagiste.fr\/#website"},"datePublished":"2026-02-26T15:12:20+00:00","dateModified":"2026-03-08T10:40:17+00:00","author":{"@id":"https:\/\/dezarnaudpaysagiste.fr\/#\/schema\/person\/a7fb9bcf7e921aa519276b8f40f240e0"},"description":"La fin f\u00e9vrier est le moment id\u00e9al pour anticiper votre am\u00e9nagement ext\u00e9rieur et planifier vos travaux avant le printemps. Pr\u00e9parez votre jardin d\u00e8s maintenant.","breadcrumb":{"@id":"https:\/\/dezarnaudpaysagiste.fr\/index.php\/2026\/02\/26\/preparer-amenagement-exterieur-fevrier\/#breadcrumb"},"inLanguage":"fr-FR","potentialAction":[{"@type":"ReadAction","target":["https:\/\/dezarnaudpaysagiste.fr\/index.php\/2026\/02\/26\/preparer-amenagement-exterieur-fevrier\/"]}]},{"@type":"BreadcrumbList","@id":"https:\/\/dezarnaudpaysagiste.fr\/index.php\/2026\/02\/26\/preparer-amenagement-exterieur-fevrier\/#breadcrumb","itemListElement":[{"@type":"ListItem","position":1,"name":"Accueil","item":"https:\/\/dezarnaudpaysagiste.fr\/"},{"@type":"ListItem","position":2,"name":"Fin f\u00e9vrier : le moment id\u00e9al pour pr\u00e9parer son am\u00e9nagement ext\u00e9rieur"}]},{"@type":"WebSite","@id":"https:\/\/dezarnaudpaysagiste.fr\/#website","url":"https:\/\/dezarnaudpaysagiste.fr\/","name":"DezarnaudPaysagiste","description":"vos exterieurs , notre passion","potentialAction":[{"@type":"SearchAction","target":{"@type":"EntryPoint","urlTemplate":"https:\/\/dezarnaudpaysagiste.fr\/?s={search_term_string}"},"query-input":"required name=search_term_string"}],"inLanguage":"fr-FR"},{"@type":"Person","@id":"https:\/\/dezarnaudpaysagiste.fr\/#\/schema\/person\/a7fb9bcf7e921aa519276b8f40f240e0","name":"Ga\u00ebtan","image":{"@type":"ImageObject","inLanguage":"fr-FR","@id":"https:\/\/dezarnaudpaysagiste.fr\/#\/schema\/person\/image\/","url":"https:\/\/secure.gravatar.com\/avatar\/a2395d07bb4255d018f8698476c89c9757f072e977625d540284978a26715d78?s=96&d=mm&r=g","contentUrl":"https:\/\/secure.gravatar.com\/avatar\/a2395d07bb4255d018f8698476c89c9757f072e977625d540284978a26715d78?s=96&d=mm&r=g","caption":"Ga\u00ebtan"},"sameAs":["http:\/\/dezarnaudpaysagiste.fr"],"url":"https:\/\/dezarnaudpaysagiste.fr\/index.php\/author\/admin9003\/"}]}},"_links":{"self":[{"href":"https:\/\/dezarnaudpaysagiste.fr\/index.php\/wp-json\/wp\/v2\/posts\/1288","targetHints":{"allow":["GET"]}}],"collection":[{"href":"https:\/\/dezarnaudpaysagiste.fr\/index.php\/wp-json\/wp\/v2\/posts"}],"about":[{"href":"https:\/\/dezarnaudpaysagiste.fr\/index.php\/wp-json\/wp\/v2\/types\/post"}],"author":[{"embeddable":true,"href":"https:\/\/dezarnaudpaysagiste.fr\/index.php\/wp-json\/wp\/v2\/users\/1"}],"replies":[{"embeddable":true,"href":"https:\/\/dezarnaudpaysagiste.fr\/index.php\/wp-json\/wp\/v2\/comments?post=1288"}],"version-history":[{"count":1,"href":"https:\/\/dezarnaudpaysagiste.fr\/index.php\/wp-json\/wp\/v2\/posts\/1288\/revisions"}],"predecessor-version":[{"id":1290,"href":"https:\/\/dezarnaudpaysagiste.fr\/index.php\/wp-json\/wp\/v2\/posts\/1288\/revisions\/1290"}],"wp:featuredmedia":[{"embeddable":true,"href":"https:\/\/dezarnaudpaysagiste.fr\/index.php\/wp-json\/wp\/v2\/media\/1289"}],"wp:attachment":[{"href":"https:\/\/dezarnaudpaysagiste.fr\/index.php\/wp-json\/wp\/v2\/media?parent=1288"}],"wp:term":[{"taxonomy":"category","embeddable":true,"href":"https:\/\/dezarnaudpaysagiste.fr\/index.php\/wp-json\/wp\/v2\/categories?post=1288"},{"taxonomy":"post_tag","embeddable":true,"href":"https:\/\/dezarnaudpaysagiste.fr\/index.php\/wp-json\/wp\/v2\/tags?post=1288"}],"curies":[{"name":"wp","href":"https:\/\/api.w.org\/{rel}","templated":true}]}}