{"id":1277,"date":"2026-02-12T13:31:54","date_gmt":"2026-02-12T12:31:54","guid":{"rendered":"https:\/\/dezarnaudpaysagiste.fr\/?p=1277"},"modified":"2026-02-12T13:31:54","modified_gmt":"2026-02-12T12:31:54","slug":"renovation-cour-exterieure-amenagement-durable","status":"publish","type":"post","link":"https:\/\/dezarnaudpaysagiste.fr\/index.php\/2026\/02\/12\/renovation-cour-exterieure-amenagement-durable\/","title":{"rendered":"R\u00e9novation de cour ext\u00e9rieure : redonner du sens et du confort \u00e0 un espace existant"},"content":{"rendered":"\n<p>La <strong>r\u00e9novation de cour ext\u00e9rieure<\/strong> est souvent indispensable lorsque l\u2019am\u00e9nagement en place ne r\u00e9pond plus aux usages actuels. Rev\u00eatements vieillissants, surface irr\u00e9guli\u00e8re ou manque de coh\u00e9rence visuelle peuvent rapidement nuire au confort et \u00e0 l\u2019esth\u00e9tique de l\u2019ext\u00e9rieur.<br>\u00c0 travers ce nouveau projet, <strong>DEZARNAUD PAYSAGISTE<\/strong> d\u00e9montre qu\u2019une cour peut \u00eatre enti\u00e8rement repens\u00e9e pour devenir un espace moderne, fonctionnel et durable.<\/p>\n\n\n\n<h2 class=\"wp-block-heading\">Une cour existante devenue peu adapt\u00e9e<\/h2>\n\n\n\n<p>Avant les travaux, la cour pr\u00e9sentait un am\u00e9nagement ancien, marqu\u00e9 par le temps. Comme c\u2019est souvent le cas, le rev\u00eatement en place avait perdu en <strong>stabilit\u00e9<\/strong> et en <strong>uniformit\u00e9<\/strong>, rendant les d\u00e9placements moins agr\u00e9ables et l\u2019entretien plus contraignant.<\/p>\n\n\n\n<p>L\u2019objectif de cette r\u00e9novation \u00e9tait clair : <strong>restructurer l\u2019espace<\/strong>, am\u00e9liorer le confort d\u2019utilisation et apporter une <strong>esth\u00e9tique plus actuelle<\/strong>, en accord avec l\u2019habitation.<\/p>\n\n\n\n<h2 class=\"wp-block-heading\">Les \u00e9tapes essentielles de la r\u00e9novation de la cour<\/h2>\n\n\n\n<h3 class=\"wp-block-heading\">Analyse de l\u2019existant et conception du projet<\/h3>\n\n\n\n<p>Chaque <strong>r\u00e9novation de cour<\/strong> commence par une \u00e9tude pr\u00e9cise du terrain. L\u2019\u00e9tat du sol, les contraintes techniques et l\u2019usage futur sont analys\u00e9s afin de concevoir un <strong>am\u00e9nagement ext\u00e9rieur coh\u00e9rent et durable<\/strong>.<\/p>\n\n\n\n<h3 class=\"wp-block-heading\">D\u00e9pose de l\u2019ancien rev\u00eatement<\/h3>\n\n\n\n<p>Les mat\u00e9riaux existants sont retir\u00e9s afin de repartir sur une base saine. Cette \u00e9tape est indispensable pour \u00e9viter les probl\u00e8mes d\u2019affaissement et garantir la long\u00e9vit\u00e9 du nouvel am\u00e9nagement.<\/p>\n\n\n\n<h3 class=\"wp-block-heading\">Pr\u00e9paration du sol<\/h3>\n\n\n\n<p>Le sol est <strong>nivel\u00e9<\/strong>, <strong>compact\u00e9<\/strong> et pr\u00e9par\u00e9 pour recevoir le futur rev\u00eatement. Une bonne pr\u00e9paration assure la <strong>stabilit\u00e9<\/strong> et la <strong>r\u00e9sistance dans le temps<\/strong> de la cour.<\/p>\n\n\n\n<h3 class=\"wp-block-heading\">Pose du nouveau rev\u00eatement<\/h3>\n\n\n\n<p>Le choix de mat\u00e9riaux plus modernes permet de transformer visuellement l\u2019espace tout en am\u00e9liorant le <strong>confort au quotidien<\/strong> et la <strong>facilit\u00e9 d\u2019entretien<\/strong>.<\/p>\n\n\n\n<h3 class=\"wp-block-heading\">Finitions et mise en valeur<\/h3>\n\n\n\n<p>Les finitions viennent structurer la cour et renforcer l\u2019harmonie globale. Elles jouent un r\u00f4le essentiel dans le rendu final et la qualit\u00e9 per\u00e7ue de l\u2019am\u00e9nagement.<\/p>\n\n\n\n<h2 class=\"wp-block-heading\">Une transformation visible et durable<\/h2>\n\n\n\n<p>Apr\u00e8s r\u00e9novation, la cour devient un <strong>v\u00e9ritable espace de vie ext\u00e9rieur<\/strong>. Les circulations sont plus fluides, l\u2019esth\u00e9tique plus contemporaine et l\u2019ensemble plus fonctionnel. Ce type de transformation permet \u00e9galement de <strong>valoriser le bien immobilier<\/strong>, tout en am\u00e9liorant le confort au quotidien.<\/p>\n\n\n\n<p>Ce projet illustre parfaitement l\u2019importance d\u2019une <strong>vision globale de l\u2019am\u00e9nagement paysager<\/strong>, alliant technique, durabilit\u00e9 et esth\u00e9tique.<\/p>\n\n\n\n<h2 class=\"wp-block-heading\">Pourquoi confier la r\u00e9novation de sa cour \u00e0 un paysagiste ?<\/h2>\n\n\n\n<p>Faire appel \u00e0 un <strong>paysagiste professionnel<\/strong> permet de b\u00e9n\u00e9ficier :<\/p>\n\n\n\n<ul class=\"wp-block-list\">\n<li>d\u2019un <strong>accompagnement personnalis\u00e9<\/strong><\/li>\n\n\n\n<li>d\u2019un <strong>choix de mat\u00e9riaux adapt\u00e9s<\/strong><\/li>\n\n\n\n<li>d\u2019une <strong>mise en \u0153uvre soign\u00e9e<\/strong><\/li>\n\n\n\n<li>d\u2019un r\u00e9sultat <strong>p\u00e9renne et harmonieux<\/strong><\/li>\n<\/ul>\n\n\n\n<hr class=\"wp-block-separator has-alpha-channel-opacity\"\/>\n\n\n\n<h2 class=\"wp-block-heading\">Conclusion<\/h2>\n\n\n\n<p>La <strong>r\u00e9novation de cour ext\u00e9rieure<\/strong> est un investissement durable qui permet de transformer un espace existant en un ext\u00e9rieur moderne, pratique et agr\u00e9able \u00e0 vivre. Gr\u00e2ce \u00e0 une approche m\u00e9thodique et un savoir-faire professionnel, une cour peut retrouver toute sa fonctionnalit\u00e9 et son esth\u00e9tisme.<\/p>\n\n\n\n<figure class=\"wp-block-embed is-type-video is-provider-tiktok wp-block-embed-tiktok\"><div class=\"wp-block-embed__wrapper\">\n<blockquote class=\"tiktok-embed\" cite=\"https:\/\/www.tiktok.com\/@dezarnaudpaysagiste\/video\/7515022310479252758\" data-video-id=\"7515022310479252758\" data-embed-from=\"oembed\" style=\"max-width:605px; min-width:325px;\"> <section> <a target=\"_blank\" title=\"@dezarnaudpaysagiste\" href=\"https:\/\/www.tiktok.com\/@dezarnaudpaysagiste?refer=embed\">@dezarnaudpaysagiste<\/a> <p>Nouvelle r\u00e9alisation ext\u00e9rieure d\u2019un am\u00e9nagement complet by DEZARNAUD PAYSAGISTE \ud83d\udfe2 Ce nouvel am\u00e9nagement paysager s\u2019inspire directement des formes et textures offertes par la nature. Pens\u00e9 et r\u00e9alis\u00e9 avec la mise sur des mat\u00e9riaux locaux et durables, comme la pierre naturelle, le bois brut, les copeaux de bois et des plantations adapt\u00e9es au climat. Notre client souhaitait un ext\u00e9rieur sans entretien avec un effet naturel. Nous avons plant\u00e9 un magnifique Olivier, et nous avons install\u00e9 un gazon synth\u00e9tique haute qualit\u00e9 et durable. Mission r\u00e9ussie notre client est tr\u00e8s satisfait \ud83d\udc4d il va pouvoir profiter de sa piscine pour les beaux jours qui arrivent avec cette chaleur. Un grand merci pour sa confiance.DEVIS GRATUIT 06.48.63.94.46 DEZARNAUD PAYSAGISTE, VOS EXT\u00c9RIEURS NOTRE PASSION \ud83c\udf31 Agence Rhone-Alpes &#038; Alpes-Maritimes p<a title=\"paysagiste\" target=\"_blank\" href=\"https:\/\/www.tiktok.com\/tag\/paysagiste?refer=embed\">#paysagiste<\/a><a title=\"amenagementexterieur\" target=\"_blank\" href=\"https:\/\/www.tiktok.com\/tag\/amenagementexterieur?refer=embed\">#amenagementexterieur<\/a><a title=\"jardin\" target=\"_blank\" href=\"https:\/\/www.tiktok.com\/tag\/jardin?refer=embed\">#jardin<\/a><a title=\"piscine\" target=\"_blank\" href=\"https:\/\/www.tiktok.com\/tag\/piscine?refer=embed\">#piscine<\/a><a title=\"olivier\" target=\"_blank\" href=\"https:\/\/www.tiktok.com\/tag\/olivier?refer=embed\">#olivier<\/a><a title=\"rhonealpes\" target=\"_blank\" href=\"https:\/\/www.tiktok.com\/tag\/rhonealpes?refer=embed\">#rhonealpes<\/a><a title=\"gazonsynthetique\" target=\"_blank\" href=\"https:\/\/www.tiktok.com\/tag\/gazonsynthetique?refer=embed\">#gazonsynthetique<\/a><a title=\"dezarnaudpaysagiste\" target=\"_blank\" href=\"https:\/\/www.tiktok.com\/tag\/dezarnaudpaysagiste?refer=embed\">#dezarnaudpaysagiste<\/a><\/p> <a target=\"_blank\" title=\"\u266c Taste (Instrumental) - KAYTRANADA\" href=\"https:\/\/www.tiktok.com\/music\/Taste-Instrumental-6867284207165507586?refer=embed\">\u266c Taste (Instrumental) &#8211; KAYTRANADA<\/a> <\/section> <\/blockquote> <script async src=\"https:\/\/www.tiktok.com\/embed.js\"><\/script>\n<\/div><\/figure>\n\n\n\n<p><\/p>\n\n\n\n<p><\/p>\n","protected":false},"excerpt":{"rendered":"<p>La r\u00e9novation de cour ext\u00e9rieure est souvent indispensable lorsque l\u2019am\u00e9nagement en place ne r\u00e9pond plus aux usages&#8230;<\/p>\n","protected":false},"author":1,"featured_media":1278,"comment_status":"open","ping_status":"open","sticky":false,"template":"","format":"standard","meta":{"_kad_post_transparent":"","_kad_post_title":"","_kad_post_layout":"","_kad_post_sidebar_id":"","_kad_post_content_style":"","_kad_post_vertical_padding":"","_kad_post_feature":"","_kad_post_feature_position":"","_kad_post_header":false,"_kad_post_footer":false,"footnotes":""},"categories":[16],"tags":[],"class_list":["post-1277","post","type-post","status-publish","format-standard","has-post-thumbnail","hentry","category-creation"],"yoast_head":"<!-- This site is optimized with the Yoast SEO plugin v21.5 - https:\/\/yoast.com\/wordpress\/plugins\/seo\/ -->\n<title>R\u00e9novation de cour ext\u00e9rieure : am\u00e9nagement moderne et durable<\/title>\n<meta name=\"description\" content=\"D\u00e9couvrez comment une r\u00e9novation de cour ext\u00e9rieure permet de transformer un espace existant en un am\u00e9nagement moderne, fonctionnel et durable.\" \/>\n<meta name=\"robots\" content=\"index, follow, max-snippet:-1, max-image-preview:large, max-video-preview:-1\" \/>\n<link rel=\"canonical\" href=\"https:\/\/dezarnaudpaysagiste.fr\/index.php\/2026\/02\/12\/renovation-cour-exterieure-amenagement-durable\/\" \/>\n<meta property=\"og:locale\" content=\"fr_FR\" \/>\n<meta property=\"og:type\" content=\"article\" \/>\n<meta property=\"og:title\" content=\"R\u00e9novation de cour ext\u00e9rieure : am\u00e9nagement moderne et durable\" \/>\n<meta property=\"og:description\" content=\"D\u00e9couvrez comment une r\u00e9novation de cour ext\u00e9rieure permet de transformer un espace existant en un am\u00e9nagement moderne, fonctionnel et durable.\" \/>\n<meta property=\"og:url\" content=\"https:\/\/dezarnaudpaysagiste.fr\/index.php\/2026\/02\/12\/renovation-cour-exterieure-amenagement-durable\/\" \/>\n<meta property=\"og:site_name\" content=\"Dezarnaud Paysagiste\" \/>\n<meta property=\"article:published_time\" content=\"2026-02-12T12:31:54+00:00\" \/>\n<meta property=\"og:image\" content=\"https:\/\/dezarnaudpaysagiste.fr\/wp-content\/uploads\/2026\/01\/image_2026-01-25_100244279.png\" \/>\n\t<meta property=\"og:image:width\" content=\"809\" \/>\n\t<meta property=\"og:image:height\" content=\"979\" \/>\n\t<meta property=\"og:image:type\" content=\"image\/png\" \/>\n<meta name=\"author\" content=\"Ga\u00ebtan\" \/>\n<meta name=\"twitter:card\" content=\"summary_large_image\" \/>\n<meta name=\"twitter:label1\" content=\"\u00c9crit par\" \/>\n\t<meta name=\"twitter:data1\" content=\"Ga\u00ebtan\" \/>\n\t<meta name=\"twitter:label2\" content=\"Dur\u00e9e de lecture estim\u00e9e\" \/>\n\t<meta name=\"twitter:data2\" content=\"3 minutes\" \/>\n<script type=\"application\/ld+json\" class=\"yoast-schema-graph\">{\"@context\":\"https:\/\/schema.org\",\"@graph\":[{\"@type\":\"WebPage\",\"@id\":\"https:\/\/dezarnaudpaysagiste.fr\/index.php\/2026\/02\/12\/renovation-cour-exterieure-amenagement-durable\/\",\"url\":\"https:\/\/dezarnaudpaysagiste.fr\/index.php\/2026\/02\/12\/renovation-cour-exterieure-amenagement-durable\/\",\"name\":\"R\u00e9novation de cour ext\u00e9rieure : am\u00e9nagement moderne et durable\",\"isPartOf\":{\"@id\":\"https:\/\/dezarnaudpaysagiste.fr\/#website\"},\"datePublished\":\"2026-02-12T12:31:54+00:00\",\"dateModified\":\"2026-02-12T12:31:54+00:00\",\"author\":{\"@id\":\"https:\/\/dezarnaudpaysagiste.fr\/#\/schema\/person\/a7fb9bcf7e921aa519276b8f40f240e0\"},\"description\":\"D\u00e9couvrez comment une r\u00e9novation de cour ext\u00e9rieure permet de transformer un espace existant en un am\u00e9nagement moderne, fonctionnel et durable.\",\"breadcrumb\":{\"@id\":\"https:\/\/dezarnaudpaysagiste.fr\/index.php\/2026\/02\/12\/renovation-cour-exterieure-amenagement-durable\/#breadcrumb\"},\"inLanguage\":\"fr-FR\",\"potentialAction\":[{\"@type\":\"ReadAction\",\"target\":[\"https:\/\/dezarnaudpaysagiste.fr\/index.php\/2026\/02\/12\/renovation-cour-exterieure-amenagement-durable\/\"]}]},{\"@type\":\"BreadcrumbList\",\"@id\":\"https:\/\/dezarnaudpaysagiste.fr\/index.php\/2026\/02\/12\/renovation-cour-exterieure-amenagement-durable\/#breadcrumb\",\"itemListElement\":[{\"@type\":\"ListItem\",\"position\":1,\"name\":\"Accueil\",\"item\":\"https:\/\/dezarnaudpaysagiste.fr\/\"},{\"@type\":\"ListItem\",\"position\":2,\"name\":\"R\u00e9novation de cour ext\u00e9rieure : redonner du sens et du confort \u00e0 un espace existant\"}]},{\"@type\":\"WebSite\",\"@id\":\"https:\/\/dezarnaudpaysagiste.fr\/#website\",\"url\":\"https:\/\/dezarnaudpaysagiste.fr\/\",\"name\":\"DezarnaudPaysagiste\",\"description\":\"vos exterieurs , notre passion\",\"potentialAction\":[{\"@type\":\"SearchAction\",\"target\":{\"@type\":\"EntryPoint\",\"urlTemplate\":\"https:\/\/dezarnaudpaysagiste.fr\/?s={search_term_string}\"},\"query-input\":\"required name=search_term_string\"}],\"inLanguage\":\"fr-FR\"},{\"@type\":\"Person\",\"@id\":\"https:\/\/dezarnaudpaysagiste.fr\/#\/schema\/person\/a7fb9bcf7e921aa519276b8f40f240e0\",\"name\":\"Ga\u00ebtan\",\"image\":{\"@type\":\"ImageObject\",\"inLanguage\":\"fr-FR\",\"@id\":\"https:\/\/dezarnaudpaysagiste.fr\/#\/schema\/person\/image\/\",\"url\":\"https:\/\/secure.gravatar.com\/avatar\/a2395d07bb4255d018f8698476c89c9757f072e977625d540284978a26715d78?s=96&d=mm&r=g\",\"contentUrl\":\"https:\/\/secure.gravatar.com\/avatar\/a2395d07bb4255d018f8698476c89c9757f072e977625d540284978a26715d78?s=96&d=mm&r=g\",\"caption\":\"Ga\u00ebtan\"},\"sameAs\":[\"http:\/\/dezarnaudpaysagiste.fr\"],\"url\":\"https:\/\/dezarnaudpaysagiste.fr\/index.php\/author\/admin9003\/\"}]}<\/script>\n<!-- \/ Yoast SEO plugin. -->","yoast_head_json":{"title":"R\u00e9novation de cour ext\u00e9rieure : am\u00e9nagement moderne et durable","description":"D\u00e9couvrez comment une r\u00e9novation de cour ext\u00e9rieure permet de transformer un espace existant en un am\u00e9nagement moderne, fonctionnel et durable.","robots":{"index":"index","follow":"follow","max-snippet":"max-snippet:-1","max-image-preview":"max-image-preview:large","max-video-preview":"max-video-preview:-1"},"canonical":"https:\/\/dezarnaudpaysagiste.fr\/index.php\/2026\/02\/12\/renovation-cour-exterieure-amenagement-durable\/","og_locale":"fr_FR","og_type":"article","og_title":"R\u00e9novation de cour ext\u00e9rieure : am\u00e9nagement moderne et durable","og_description":"D\u00e9couvrez comment une r\u00e9novation de cour ext\u00e9rieure permet de transformer un espace existant en un am\u00e9nagement moderne, fonctionnel et durable.","og_url":"https:\/\/dezarnaudpaysagiste.fr\/index.php\/2026\/02\/12\/renovation-cour-exterieure-amenagement-durable\/","og_site_name":"Dezarnaud Paysagiste","article_published_time":"2026-02-12T12:31:54+00:00","og_image":[{"width":809,"height":979,"url":"https:\/\/dezarnaudpaysagiste.fr\/wp-content\/uploads\/2026\/01\/image_2026-01-25_100244279.png","type":"image\/png"}],"author":"Ga\u00ebtan","twitter_card":"summary_large_image","twitter_misc":{"\u00c9crit par":"Ga\u00ebtan","Dur\u00e9e de lecture estim\u00e9e":"3 minutes"},"schema":{"@context":"https:\/\/schema.org","@graph":[{"@type":"WebPage","@id":"https:\/\/dezarnaudpaysagiste.fr\/index.php\/2026\/02\/12\/renovation-cour-exterieure-amenagement-durable\/","url":"https:\/\/dezarnaudpaysagiste.fr\/index.php\/2026\/02\/12\/renovation-cour-exterieure-amenagement-durable\/","name":"R\u00e9novation de cour ext\u00e9rieure : am\u00e9nagement moderne et durable","isPartOf":{"@id":"https:\/\/dezarnaudpaysagiste.fr\/#website"},"datePublished":"2026-02-12T12:31:54+00:00","dateModified":"2026-02-12T12:31:54+00:00","author":{"@id":"https:\/\/dezarnaudpaysagiste.fr\/#\/schema\/person\/a7fb9bcf7e921aa519276b8f40f240e0"},"description":"D\u00e9couvrez comment une r\u00e9novation de cour ext\u00e9rieure permet de transformer un espace existant en un am\u00e9nagement moderne, fonctionnel et durable.","breadcrumb":{"@id":"https:\/\/dezarnaudpaysagiste.fr\/index.php\/2026\/02\/12\/renovation-cour-exterieure-amenagement-durable\/#breadcrumb"},"inLanguage":"fr-FR","potentialAction":[{"@type":"ReadAction","target":["https:\/\/dezarnaudpaysagiste.fr\/index.php\/2026\/02\/12\/renovation-cour-exterieure-amenagement-durable\/"]}]},{"@type":"BreadcrumbList","@id":"https:\/\/dezarnaudpaysagiste.fr\/index.php\/2026\/02\/12\/renovation-cour-exterieure-amenagement-durable\/#breadcrumb","itemListElement":[{"@type":"ListItem","position":1,"name":"Accueil","item":"https:\/\/dezarnaudpaysagiste.fr\/"},{"@type":"ListItem","position":2,"name":"R\u00e9novation de cour ext\u00e9rieure : redonner du sens et du confort \u00e0 un espace existant"}]},{"@type":"WebSite","@id":"https:\/\/dezarnaudpaysagiste.fr\/#website","url":"https:\/\/dezarnaudpaysagiste.fr\/","name":"DezarnaudPaysagiste","description":"vos exterieurs , notre passion","potentialAction":[{"@type":"SearchAction","target":{"@type":"EntryPoint","urlTemplate":"https:\/\/dezarnaudpaysagiste.fr\/?s={search_term_string}"},"query-input":"required name=search_term_string"}],"inLanguage":"fr-FR"},{"@type":"Person","@id":"https:\/\/dezarnaudpaysagiste.fr\/#\/schema\/person\/a7fb9bcf7e921aa519276b8f40f240e0","name":"Ga\u00ebtan","image":{"@type":"ImageObject","inLanguage":"fr-FR","@id":"https:\/\/dezarnaudpaysagiste.fr\/#\/schema\/person\/image\/","url":"https:\/\/secure.gravatar.com\/avatar\/a2395d07bb4255d018f8698476c89c9757f072e977625d540284978a26715d78?s=96&d=mm&r=g","contentUrl":"https:\/\/secure.gravatar.com\/avatar\/a2395d07bb4255d018f8698476c89c9757f072e977625d540284978a26715d78?s=96&d=mm&r=g","caption":"Ga\u00ebtan"},"sameAs":["http:\/\/dezarnaudpaysagiste.fr"],"url":"https:\/\/dezarnaudpaysagiste.fr\/index.php\/author\/admin9003\/"}]}},"_links":{"self":[{"href":"https:\/\/dezarnaudpaysagiste.fr\/index.php\/wp-json\/wp\/v2\/posts\/1277","targetHints":{"allow":["GET"]}}],"collection":[{"href":"https:\/\/dezarnaudpaysagiste.fr\/index.php\/wp-json\/wp\/v2\/posts"}],"about":[{"href":"https:\/\/dezarnaudpaysagiste.fr\/index.php\/wp-json\/wp\/v2\/types\/post"}],"author":[{"embeddable":true,"href":"https:\/\/dezarnaudpaysagiste.fr\/index.php\/wp-json\/wp\/v2\/users\/1"}],"replies":[{"embeddable":true,"href":"https:\/\/dezarnaudpaysagiste.fr\/index.php\/wp-json\/wp\/v2\/comments?post=1277"}],"version-history":[{"count":1,"href":"https:\/\/dezarnaudpaysagiste.fr\/index.php\/wp-json\/wp\/v2\/posts\/1277\/revisions"}],"predecessor-version":[{"id":1279,"href":"https:\/\/dezarnaudpaysagiste.fr\/index.php\/wp-json\/wp\/v2\/posts\/1277\/revisions\/1279"}],"wp:featuredmedia":[{"embeddable":true,"href":"https:\/\/dezarnaudpaysagiste.fr\/index.php\/wp-json\/wp\/v2\/media\/1278"}],"wp:attachment":[{"href":"https:\/\/dezarnaudpaysagiste.fr\/index.php\/wp-json\/wp\/v2\/media?parent=1277"}],"wp:term":[{"taxonomy":"category","embeddable":true,"href":"https:\/\/dezarnaudpaysagiste.fr\/index.php\/wp-json\/wp\/v2\/categories?post=1277"},{"taxonomy":"post_tag","embeddable":true,"href":"https:\/\/dezarnaudpaysagiste.fr\/index.php\/wp-json\/wp\/v2\/tags?post=1277"}],"curies":[{"name":"wp","href":"https:\/\/api.w.org\/{rel}","templated":true}]}}