{"id":1257,"date":"2025-11-11T13:59:24","date_gmt":"2025-11-11T12:59:24","guid":{"rendered":"https:\/\/dezarnaudpaysagiste.fr\/?p=1257"},"modified":"2025-11-11T13:59:24","modified_gmt":"2025-11-11T12:59:24","slug":"amenagement-cour-montee-gravier-saint-prim","status":"publish","type":"post","link":"https:\/\/dezarnaudpaysagiste.fr\/index.php\/2025\/11\/11\/amenagement-cour-montee-gravier-saint-prim\/","title":{"rendered":"mont\u00e9e et cour en gravier stabilis\u00e9 par Dezarnaud Paysagiste"},"content":{"rendered":"\n<p>Situ\u00e9 \u00e0 <strong>Saint-Prim (38)<\/strong>, <strong>Dezarnaud Paysagiste<\/strong> pr\u00e9sente sa derni\u00e8re r\u00e9alisation : la transformation d\u2019une <strong>mont\u00e9e et d\u2019une cour<\/strong> en <strong>gravier stabilis\u00e9<\/strong> avec un rendu proche de l\u2019enrob\u00e9, mais pour un <strong>budget divis\u00e9 par deux<\/strong>.<\/p>\n\n\n\n<p>Cette intervention allie <strong>esth\u00e9tique, durabilit\u00e9 et entretien minimal<\/strong>. Le gravier stabilis\u00e9, associ\u00e9 \u00e0 notre <strong>produit secret<\/strong>, garantit une <strong>surface solide, stable et drainante<\/strong>, id\u00e9ale pour la mont\u00e9e et l\u2019espace de <strong>stationnement<\/strong>.<\/p>\n\n\n\n<p>Le r\u00e9sultat final cr\u00e9e un <strong>ext\u00e9rieur fonctionnel et \u00e9l\u00e9gant<\/strong>, facile \u00e0 entretenir, tout en offrant un rendu naturel et moderne. Les clients se disent <strong>tr\u00e8s satisfaits<\/strong> de la transformation et appr\u00e9cient la qualit\u00e9 et la rapidit\u00e9 de l\u2019intervention.<\/p>\n\n\n\n<p>Pour vos projets d\u2019<strong>am\u00e9nagement ext\u00e9rieur<\/strong> \u00e0 <strong>Saint-Prim<\/strong> ou dans la <strong>r\u00e9gion Rh\u00f4ne-Alpes<\/strong>, faites confiance \u00e0 <strong>Dezarnaud Paysagiste<\/strong>, sp\u00e9cialiste de la cr\u00e9ation de <strong>cours, all\u00e9es, terrasses et espaces en gravier stabilis\u00e9<\/strong>. Contactez-nous d\u00e8s aujourd\u2019hui pour un <strong>devis gratuit<\/strong> et un projet sur-mesure.<\/p>\n\n\n\n<figure class=\"wp-block-embed is-type-video is-provider-tiktok wp-block-embed-tiktok\"><div class=\"wp-block-embed__wrapper\">\n<blockquote class=\"tiktok-embed\" cite=\"https:\/\/www.tiktok.com\/@dezarnaudpaysagiste\/video\/7564824365158681878\" data-video-id=\"7564824365158681878\" data-embed-from=\"oembed\" style=\"max-width:605px; min-width:325px;\"> <section> <a target=\"_blank\" title=\"@dezarnaudpaysagiste\" href=\"https:\/\/www.tiktok.com\/@dezarnaudpaysagiste?refer=embed\">@dezarnaudpaysagiste<\/a> <p>Nouvelle r\u00e9alisation DEZARNAUD PAYSAGISTE \ud83c\udf31 Situ\u00e9 sur Saint-Prim (38) notre derni\u00e8re r\u00e9alisation est une mont\u00e9e avec sa cour en gravier stabilis\u00e9 avec notre produit secret afin d\u2019avoir un rendu similaire \u00e0 de l\u2019enrob\u00e9 mais pour un budget divis\u00e9 par deux \ud83d\ude09 Nous avons transform\u00e9 cet espace ext\u00e9rieur en alliant esth\u00e9tique, durabilit\u00e9 et entretien minimal. Le gravier stabilis\u00e9 avec notre produit offre un rendu naturel tout en garantissant une surface solide, stable et drainante, parfaite ici pour la mont\u00e9e et l\u2019espace cour pour le stationnement.  Nos clients sont tr\u00e8s satisfait du r\u00e9sultat \ud83d\udc4d  Merci pour leur confiance \ud83d\ude0a Vous avez des questions sur cette prestation ? N\u2019h\u00e9sitez pas \u00e0 discuter avec nous en message priv\u00e9 Instagram Facebook ou directement par t\u00e9l\u00e9phone au 06.48.63.94.46 \u260e\ufe0f DEZARNAUD PAYSAGISTE, VOS EXT\u00c9RIEURS NOTRE PASSION \ud83d\udfe2 DEVIS GRATUIT Suivez nous sur nos r\u00e9seaux sociaux Facebook Instagram et TikTok pour les derni\u00e8res actualit\u00e9s \u27a1\ufe0f \u00c9galement sur notre site internet <a title=\"paysagiste\" target=\"_blank\" href=\"https:\/\/www.tiktok.com\/tag\/paysagiste?refer=embed\">#paysagiste<\/a><a title=\"graviercompacte\" target=\"_blank\" href=\"https:\/\/www.tiktok.com\/tag\/graviercompacte?refer=embed\">#graviercompacte<\/a><a title=\"exterieurmaison\" target=\"_blank\" href=\"https:\/\/www.tiktok.com\/tag\/exterieurmaison?refer=embed\">#exterieurmaison<\/a><a title=\"amenagementexterieur\" target=\"_blank\" href=\"https:\/\/www.tiktok.com\/tag\/amenagementexterieur?refer=embed\">#amenagementexterieur<\/a><a title=\"creationexterieur\" target=\"_blank\" href=\"https:\/\/www.tiktok.com\/tag\/creationexterieur?refer=embed\">#creationexterieur<\/a> <\/p> <a target=\"_blank\" title=\"\u266c original sound - ATM\" href=\"https:\/\/www.tiktok.com\/music\/original-sound-7332606287882292001?refer=embed\">\u266c original sound &#8211; ATM<\/a> <\/section> <\/blockquote> <script async src=\"https:\/\/www.tiktok.com\/embed.js\"><\/script>\n<\/div><\/figure>\n","protected":false},"excerpt":{"rendered":"<p>Situ\u00e9 \u00e0 Saint-Prim (38), Dezarnaud Paysagiste pr\u00e9sente sa derni\u00e8re r\u00e9alisation : la transformation d\u2019une mont\u00e9e et d\u2019une&#8230;<\/p>\n","protected":false},"author":1,"featured_media":1258,"comment_status":"open","ping_status":"open","sticky":false,"template":"","format":"standard","meta":{"_kad_post_transparent":"","_kad_post_title":"","_kad_post_layout":"","_kad_post_sidebar_id":"","_kad_post_content_style":"","_kad_post_vertical_padding":"","_kad_post_feature":"","_kad_post_feature_position":"","_kad_post_header":false,"_kad_post_footer":false,"footnotes":""},"categories":[16],"tags":[],"class_list":["post-1257","post","type-post","status-publish","format-standard","has-post-thumbnail","hentry","category-creation"],"yoast_head":"<!-- This site is optimized with the Yoast SEO plugin v21.5 - https:\/\/yoast.com\/wordpress\/plugins\/seo\/ -->\n<title>Am\u00e9nagement cour et mont\u00e9e en gravier stabilis\u00e9 \u00e0 Saint-Prim<\/title>\n<meta name=\"description\" content=\"D\u00e9couvrez notre derni\u00e8re r\u00e9alisation \u00e0 Saint-Prim : mont\u00e9e et cour en gravier stabilis\u00e9 offrant un rendu esth\u00e9tique et durable, similaire \u00e0 de l\u2019enrob\u00e9 mais pour un budget r\u00e9duit. Faites confiance \u00e0 Dezarnaud Paysagiste pour vos am\u00e9nagements ext\u00e9rieurs.\" \/>\n<meta name=\"robots\" content=\"index, follow, max-snippet:-1, max-image-preview:large, max-video-preview:-1\" \/>\n<link rel=\"canonical\" href=\"https:\/\/dezarnaudpaysagiste.fr\/index.php\/2025\/11\/11\/amenagement-cour-montee-gravier-saint-prim\/\" \/>\n<meta property=\"og:locale\" content=\"fr_FR\" \/>\n<meta property=\"og:type\" content=\"article\" \/>\n<meta property=\"og:title\" content=\"Am\u00e9nagement cour et mont\u00e9e en gravier stabilis\u00e9 \u00e0 Saint-Prim\" \/>\n<meta property=\"og:description\" content=\"D\u00e9couvrez notre derni\u00e8re r\u00e9alisation \u00e0 Saint-Prim : mont\u00e9e et cour en gravier stabilis\u00e9 offrant un rendu esth\u00e9tique et durable, similaire \u00e0 de l\u2019enrob\u00e9 mais pour un budget r\u00e9duit. Faites confiance \u00e0 Dezarnaud Paysagiste pour vos am\u00e9nagements ext\u00e9rieurs.\" \/>\n<meta property=\"og:url\" content=\"https:\/\/dezarnaudpaysagiste.fr\/index.php\/2025\/11\/11\/amenagement-cour-montee-gravier-saint-prim\/\" \/>\n<meta property=\"og:site_name\" content=\"Dezarnaud Paysagiste\" \/>\n<meta property=\"article:published_time\" content=\"2025-11-11T12:59:24+00:00\" \/>\n<meta property=\"og:image\" content=\"https:\/\/dezarnaudpaysagiste.fr\/wp-content\/uploads\/2025\/11\/image_2025-11-11_135924640.png\" \/>\n\t<meta property=\"og:image:width\" content=\"694\" \/>\n\t<meta property=\"og:image:height\" content=\"646\" \/>\n\t<meta property=\"og:image:type\" content=\"image\/png\" \/>\n<meta name=\"author\" content=\"Ga\u00ebtan\" \/>\n<meta name=\"twitter:card\" content=\"summary_large_image\" \/>\n<meta name=\"twitter:label1\" content=\"\u00c9crit par\" \/>\n\t<meta name=\"twitter:data1\" content=\"Ga\u00ebtan\" \/>\n\t<meta name=\"twitter:label2\" content=\"Dur\u00e9e de lecture estim\u00e9e\" \/>\n\t<meta name=\"twitter:data2\" content=\"1 minute\" \/>\n<script type=\"application\/ld+json\" class=\"yoast-schema-graph\">{\"@context\":\"https:\/\/schema.org\",\"@graph\":[{\"@type\":\"WebPage\",\"@id\":\"https:\/\/dezarnaudpaysagiste.fr\/index.php\/2025\/11\/11\/amenagement-cour-montee-gravier-saint-prim\/\",\"url\":\"https:\/\/dezarnaudpaysagiste.fr\/index.php\/2025\/11\/11\/amenagement-cour-montee-gravier-saint-prim\/\",\"name\":\"Am\u00e9nagement cour et mont\u00e9e en gravier stabilis\u00e9 \u00e0 Saint-Prim\",\"isPartOf\":{\"@id\":\"https:\/\/dezarnaudpaysagiste.fr\/#website\"},\"datePublished\":\"2025-11-11T12:59:24+00:00\",\"dateModified\":\"2025-11-11T12:59:24+00:00\",\"author\":{\"@id\":\"https:\/\/dezarnaudpaysagiste.fr\/#\/schema\/person\/a7fb9bcf7e921aa519276b8f40f240e0\"},\"description\":\"D\u00e9couvrez notre derni\u00e8re r\u00e9alisation \u00e0 Saint-Prim : mont\u00e9e et cour en gravier stabilis\u00e9 offrant un rendu esth\u00e9tique et durable, similaire \u00e0 de l\u2019enrob\u00e9 mais pour un budget r\u00e9duit. Faites confiance \u00e0 Dezarnaud Paysagiste pour vos am\u00e9nagements ext\u00e9rieurs.\",\"breadcrumb\":{\"@id\":\"https:\/\/dezarnaudpaysagiste.fr\/index.php\/2025\/11\/11\/amenagement-cour-montee-gravier-saint-prim\/#breadcrumb\"},\"inLanguage\":\"fr-FR\",\"potentialAction\":[{\"@type\":\"ReadAction\",\"target\":[\"https:\/\/dezarnaudpaysagiste.fr\/index.php\/2025\/11\/11\/amenagement-cour-montee-gravier-saint-prim\/\"]}]},{\"@type\":\"BreadcrumbList\",\"@id\":\"https:\/\/dezarnaudpaysagiste.fr\/index.php\/2025\/11\/11\/amenagement-cour-montee-gravier-saint-prim\/#breadcrumb\",\"itemListElement\":[{\"@type\":\"ListItem\",\"position\":1,\"name\":\"Accueil\",\"item\":\"https:\/\/dezarnaudpaysagiste.fr\/\"},{\"@type\":\"ListItem\",\"position\":2,\"name\":\"mont\u00e9e et cour en gravier stabilis\u00e9 par Dezarnaud Paysagiste\"}]},{\"@type\":\"WebSite\",\"@id\":\"https:\/\/dezarnaudpaysagiste.fr\/#website\",\"url\":\"https:\/\/dezarnaudpaysagiste.fr\/\",\"name\":\"DezarnaudPaysagiste\",\"description\":\"vos exterieurs , notre passion\",\"potentialAction\":[{\"@type\":\"SearchAction\",\"target\":{\"@type\":\"EntryPoint\",\"urlTemplate\":\"https:\/\/dezarnaudpaysagiste.fr\/?s={search_term_string}\"},\"query-input\":\"required name=search_term_string\"}],\"inLanguage\":\"fr-FR\"},{\"@type\":\"Person\",\"@id\":\"https:\/\/dezarnaudpaysagiste.fr\/#\/schema\/person\/a7fb9bcf7e921aa519276b8f40f240e0\",\"name\":\"Ga\u00ebtan\",\"image\":{\"@type\":\"ImageObject\",\"inLanguage\":\"fr-FR\",\"@id\":\"https:\/\/dezarnaudpaysagiste.fr\/#\/schema\/person\/image\/\",\"url\":\"https:\/\/secure.gravatar.com\/avatar\/a2395d07bb4255d018f8698476c89c9757f072e977625d540284978a26715d78?s=96&d=mm&r=g\",\"contentUrl\":\"https:\/\/secure.gravatar.com\/avatar\/a2395d07bb4255d018f8698476c89c9757f072e977625d540284978a26715d78?s=96&d=mm&r=g\",\"caption\":\"Ga\u00ebtan\"},\"sameAs\":[\"http:\/\/dezarnaudpaysagiste.fr\"],\"url\":\"https:\/\/dezarnaudpaysagiste.fr\/index.php\/author\/admin9003\/\"}]}<\/script>\n<!-- \/ Yoast SEO plugin. -->","yoast_head_json":{"title":"Am\u00e9nagement cour et mont\u00e9e en gravier stabilis\u00e9 \u00e0 Saint-Prim","description":"D\u00e9couvrez notre derni\u00e8re r\u00e9alisation \u00e0 Saint-Prim : mont\u00e9e et cour en gravier stabilis\u00e9 offrant un rendu esth\u00e9tique et durable, similaire \u00e0 de l\u2019enrob\u00e9 mais pour un budget r\u00e9duit. Faites confiance \u00e0 Dezarnaud Paysagiste pour vos am\u00e9nagements ext\u00e9rieurs.","robots":{"index":"index","follow":"follow","max-snippet":"max-snippet:-1","max-image-preview":"max-image-preview:large","max-video-preview":"max-video-preview:-1"},"canonical":"https:\/\/dezarnaudpaysagiste.fr\/index.php\/2025\/11\/11\/amenagement-cour-montee-gravier-saint-prim\/","og_locale":"fr_FR","og_type":"article","og_title":"Am\u00e9nagement cour et mont\u00e9e en gravier stabilis\u00e9 \u00e0 Saint-Prim","og_description":"D\u00e9couvrez notre derni\u00e8re r\u00e9alisation \u00e0 Saint-Prim : mont\u00e9e et cour en gravier stabilis\u00e9 offrant un rendu esth\u00e9tique et durable, similaire \u00e0 de l\u2019enrob\u00e9 mais pour un budget r\u00e9duit. Faites confiance \u00e0 Dezarnaud Paysagiste pour vos am\u00e9nagements ext\u00e9rieurs.","og_url":"https:\/\/dezarnaudpaysagiste.fr\/index.php\/2025\/11\/11\/amenagement-cour-montee-gravier-saint-prim\/","og_site_name":"Dezarnaud Paysagiste","article_published_time":"2025-11-11T12:59:24+00:00","og_image":[{"width":694,"height":646,"url":"https:\/\/dezarnaudpaysagiste.fr\/wp-content\/uploads\/2025\/11\/image_2025-11-11_135924640.png","type":"image\/png"}],"author":"Ga\u00ebtan","twitter_card":"summary_large_image","twitter_misc":{"\u00c9crit par":"Ga\u00ebtan","Dur\u00e9e de lecture estim\u00e9e":"1 minute"},"schema":{"@context":"https:\/\/schema.org","@graph":[{"@type":"WebPage","@id":"https:\/\/dezarnaudpaysagiste.fr\/index.php\/2025\/11\/11\/amenagement-cour-montee-gravier-saint-prim\/","url":"https:\/\/dezarnaudpaysagiste.fr\/index.php\/2025\/11\/11\/amenagement-cour-montee-gravier-saint-prim\/","name":"Am\u00e9nagement cour et mont\u00e9e en gravier stabilis\u00e9 \u00e0 Saint-Prim","isPartOf":{"@id":"https:\/\/dezarnaudpaysagiste.fr\/#website"},"datePublished":"2025-11-11T12:59:24+00:00","dateModified":"2025-11-11T12:59:24+00:00","author":{"@id":"https:\/\/dezarnaudpaysagiste.fr\/#\/schema\/person\/a7fb9bcf7e921aa519276b8f40f240e0"},"description":"D\u00e9couvrez notre derni\u00e8re r\u00e9alisation \u00e0 Saint-Prim : mont\u00e9e et cour en gravier stabilis\u00e9 offrant un rendu esth\u00e9tique et durable, similaire \u00e0 de l\u2019enrob\u00e9 mais pour un budget r\u00e9duit. Faites confiance \u00e0 Dezarnaud Paysagiste pour vos am\u00e9nagements ext\u00e9rieurs.","breadcrumb":{"@id":"https:\/\/dezarnaudpaysagiste.fr\/index.php\/2025\/11\/11\/amenagement-cour-montee-gravier-saint-prim\/#breadcrumb"},"inLanguage":"fr-FR","potentialAction":[{"@type":"ReadAction","target":["https:\/\/dezarnaudpaysagiste.fr\/index.php\/2025\/11\/11\/amenagement-cour-montee-gravier-saint-prim\/"]}]},{"@type":"BreadcrumbList","@id":"https:\/\/dezarnaudpaysagiste.fr\/index.php\/2025\/11\/11\/amenagement-cour-montee-gravier-saint-prim\/#breadcrumb","itemListElement":[{"@type":"ListItem","position":1,"name":"Accueil","item":"https:\/\/dezarnaudpaysagiste.fr\/"},{"@type":"ListItem","position":2,"name":"mont\u00e9e et cour en gravier stabilis\u00e9 par Dezarnaud Paysagiste"}]},{"@type":"WebSite","@id":"https:\/\/dezarnaudpaysagiste.fr\/#website","url":"https:\/\/dezarnaudpaysagiste.fr\/","name":"DezarnaudPaysagiste","description":"vos exterieurs , notre passion","potentialAction":[{"@type":"SearchAction","target":{"@type":"EntryPoint","urlTemplate":"https:\/\/dezarnaudpaysagiste.fr\/?s={search_term_string}"},"query-input":"required name=search_term_string"}],"inLanguage":"fr-FR"},{"@type":"Person","@id":"https:\/\/dezarnaudpaysagiste.fr\/#\/schema\/person\/a7fb9bcf7e921aa519276b8f40f240e0","name":"Ga\u00ebtan","image":{"@type":"ImageObject","inLanguage":"fr-FR","@id":"https:\/\/dezarnaudpaysagiste.fr\/#\/schema\/person\/image\/","url":"https:\/\/secure.gravatar.com\/avatar\/a2395d07bb4255d018f8698476c89c9757f072e977625d540284978a26715d78?s=96&d=mm&r=g","contentUrl":"https:\/\/secure.gravatar.com\/avatar\/a2395d07bb4255d018f8698476c89c9757f072e977625d540284978a26715d78?s=96&d=mm&r=g","caption":"Ga\u00ebtan"},"sameAs":["http:\/\/dezarnaudpaysagiste.fr"],"url":"https:\/\/dezarnaudpaysagiste.fr\/index.php\/author\/admin9003\/"}]}},"_links":{"self":[{"href":"https:\/\/dezarnaudpaysagiste.fr\/index.php\/wp-json\/wp\/v2\/posts\/1257","targetHints":{"allow":["GET"]}}],"collection":[{"href":"https:\/\/dezarnaudpaysagiste.fr\/index.php\/wp-json\/wp\/v2\/posts"}],"about":[{"href":"https:\/\/dezarnaudpaysagiste.fr\/index.php\/wp-json\/wp\/v2\/types\/post"}],"author":[{"embeddable":true,"href":"https:\/\/dezarnaudpaysagiste.fr\/index.php\/wp-json\/wp\/v2\/users\/1"}],"replies":[{"embeddable":true,"href":"https:\/\/dezarnaudpaysagiste.fr\/index.php\/wp-json\/wp\/v2\/comments?post=1257"}],"version-history":[{"count":1,"href":"https:\/\/dezarnaudpaysagiste.fr\/index.php\/wp-json\/wp\/v2\/posts\/1257\/revisions"}],"predecessor-version":[{"id":1259,"href":"https:\/\/dezarnaudpaysagiste.fr\/index.php\/wp-json\/wp\/v2\/posts\/1257\/revisions\/1259"}],"wp:featuredmedia":[{"embeddable":true,"href":"https:\/\/dezarnaudpaysagiste.fr\/index.php\/wp-json\/wp\/v2\/media\/1258"}],"wp:attachment":[{"href":"https:\/\/dezarnaudpaysagiste.fr\/index.php\/wp-json\/wp\/v2\/media?parent=1257"}],"wp:term":[{"taxonomy":"category","embeddable":true,"href":"https:\/\/dezarnaudpaysagiste.fr\/index.php\/wp-json\/wp\/v2\/categories?post=1257"},{"taxonomy":"post_tag","embeddable":true,"href":"https:\/\/dezarnaudpaysagiste.fr\/index.php\/wp-json\/wp\/v2\/tags?post=1257"}],"curies":[{"name":"wp","href":"https:\/\/api.w.org\/{rel}","templated":true}]}}